{"id":1816,"date":"2023-03-02T15:11:10","date_gmt":"2023-03-02T20:11:10","guid":{"rendered":"https:\/\/sixtrum.com\/huizi-in-concert-with-the-mcgill-symphony-orchestra-copy\/"},"modified":"2023-03-02T15:13:13","modified_gmt":"2023-03-02T20:13:13","slug":"sixtrum-and-the-semaine-du-neuf","status":"publish","type":"post","link":"https:\/\/sixtrum.com\/en\/sixtrum-and-the-semaine-du-neuf\/","title":{"rendered":"sixtrum and the Semaine du Neuf : tribute to Claude Vivier"},"content":{"rendered":"<p>As part of <a href=\"https:\/\/levivier.ca\/fr\/concert\/saison-2022-23\/la-semaine-du-neuf-hommage-claude-vivier\" target=\"_blank\" rel=\"noopener\">La Semaine du Neuf<\/a>, a tribute to Claude Vivier organized by Le Vivier, we will play with pianist Pamela Reimer original or transcribed pieces by Claude Vivier and Giorgy Ligeti. This concert will also be the occasion to present a creation by Chris Paul Harman composed for the occasion.<\/p>\n<p>All information about this concert <a href=\"https:\/\/sixtrum.com\/en\/2022-23-season\/piano-percussion\/\" target=\"_blank\" rel=\"noopener\">HERE<\/a>.<\/p>\n","protected":false},"excerpt":{"rendered":"<p>As part of La Semaine du Neuf, a tribute to Claude Vivier organized by Le Vivier, we will play with pianist Pamela Reimer original or transcribed pieces by Claude Vivier and Giorgy Ligeti. This concert will also be the occasion to present a creation by&#8230;<\/p>\n","protected":false},"author":4,"featured_media":1464,"comment_status":"open","ping_status":"open","sticky":false,"template":"","format":"standard","meta":{"footnotes":""},"categories":[31],"tags":[],"class_list":["post-1816","post","type-post","status-publish","format-standard","has-post-thumbnail","hentry","category-news"],"yoast_head":"<!-- This site is optimized with the Yoast SEO plugin v26.4 - https:\/\/yoast.com\/wordpress\/plugins\/seo\/ -->\n<title>sixtrum and the Semaine du Neuf : tribute to Claude Vivier - Ensemble \u00e0 percussion Sixtrum<\/title>\n<meta name=\"description\" content=\"As part of La Semaine du Neuf, a tribute to Claude Vivier organized by Le Vivier, we will play with pianist Pamela Reimer original or transcribed pieces by Claude Vivier and Giorgy Ligeti.\" \/>\n<meta name=\"robots\" content=\"index, follow, max-snippet:-1, max-image-preview:large, max-video-preview:-1\" \/>\n<link rel=\"canonical\" href=\"https:\/\/sixtrum.com\/en\/sixtrum-and-the-semaine-du-neuf\/\" \/>\n<meta property=\"og:locale\" content=\"en_US\" \/>\n<meta property=\"og:type\" content=\"article\" \/>\n<meta property=\"og:title\" content=\"sixtrum and the Semaine du Neuf : tribute to Claude Vivier - Ensemble \u00e0 percussion Sixtrum\" \/>\n<meta property=\"og:description\" content=\"As part of La Semaine du Neuf, a tribute to Claude Vivier organized by Le Vivier, we will play with pianist Pamela Reimer original or transcribed pieces by Claude Vivier and Giorgy Ligeti.\" \/>\n<meta property=\"og:url\" content=\"https:\/\/sixtrum.com\/en\/sixtrum-and-the-semaine-du-neuf\/\" \/>\n<meta property=\"og:site_name\" content=\"Ensemble \u00e0 percussion Sixtrum\" \/>\n<meta property=\"article:publisher\" content=\"https:\/\/www.facebook.com\/sixtrum\" \/>\n<meta property=\"article:author\" content=\"https:\/\/www.facebook.com\/sixtrum\" \/>\n<meta property=\"article:published_time\" content=\"2023-03-02T20:11:10+00:00\" \/>\n<meta property=\"article:modified_time\" content=\"2023-03-02T20:13:13+00:00\" \/>\n<meta property=\"og:image\" content=\"https:\/\/sixtrum.com\/wp-content\/uploads\/2022\/09\/vignette-insta-1-1024x1024.png\" \/>\n\t<meta property=\"og:image:width\" content=\"1024\" \/>\n\t<meta property=\"og:image:height\" content=\"1024\" \/>\n\t<meta property=\"og:image:type\" content=\"image\/png\" \/>\n<meta name=\"author\" content=\"Sixtrum\" \/>\n<meta name=\"twitter:card\" content=\"summary_large_image\" \/>\n<meta name=\"twitter:creator\" content=\"@sixtrum\" \/>\n<meta name=\"twitter:site\" content=\"@sixtrum\" \/>\n<meta name=\"twitter:label1\" content=\"Written by\" \/>\n\t<meta name=\"twitter:data1\" content=\"Sixtrum\" \/>\n\t<meta name=\"twitter:label2\" content=\"Est. reading time\" \/>\n\t<meta name=\"twitter:data2\" content=\"1 minute\" \/>\n<script type=\"application\/ld+json\" class=\"yoast-schema-graph\">{\"@context\":\"https:\/\/schema.org\",\"@graph\":[{\"@type\":\"Article\",\"@id\":\"https:\/\/sixtrum.com\/en\/sixtrum-and-the-semaine-du-neuf\/#article\",\"isPartOf\":{\"@id\":\"https:\/\/sixtrum.com\/en\/sixtrum-and-the-semaine-du-neuf\/\"},\"author\":{\"name\":\"Sixtrum\",\"@id\":\"https:\/\/sixtrum.com\/en\/#\/schema\/person\/a61cc2ec1411ca32c3b2f3206715e511\"},\"headline\":\"sixtrum and the Semaine du Neuf : tribute to Claude Vivier\",\"datePublished\":\"2023-03-02T20:11:10+00:00\",\"dateModified\":\"2023-03-02T20:13:13+00:00\",\"mainEntityOfPage\":{\"@id\":\"https:\/\/sixtrum.com\/en\/sixtrum-and-the-semaine-du-neuf\/\"},\"wordCount\":68,\"commentCount\":0,\"publisher\":{\"@id\":\"https:\/\/sixtrum.com\/en\/#organization\"},\"image\":{\"@id\":\"https:\/\/sixtrum.com\/en\/sixtrum-and-the-semaine-du-neuf\/#primaryimage\"},\"thumbnailUrl\":\"https:\/\/sixtrum.com\/wp-content\/uploads\/2022\/09\/vignette-insta-1.png\",\"articleSection\":[\"News\"],\"inLanguage\":\"en-US\",\"potentialAction\":[{\"@type\":\"CommentAction\",\"name\":\"Comment\",\"target\":[\"https:\/\/sixtrum.com\/en\/sixtrum-and-the-semaine-du-neuf\/#respond\"]}]},{\"@type\":\"WebPage\",\"@id\":\"https:\/\/sixtrum.com\/en\/sixtrum-and-the-semaine-du-neuf\/\",\"url\":\"https:\/\/sixtrum.com\/en\/sixtrum-and-the-semaine-du-neuf\/\",\"name\":\"sixtrum and the Semaine du Neuf : tribute to Claude Vivier - Ensemble \u00e0 percussion Sixtrum\",\"isPartOf\":{\"@id\":\"https:\/\/sixtrum.com\/en\/#website\"},\"primaryImageOfPage\":{\"@id\":\"https:\/\/sixtrum.com\/en\/sixtrum-and-the-semaine-du-neuf\/#primaryimage\"},\"image\":{\"@id\":\"https:\/\/sixtrum.com\/en\/sixtrum-and-the-semaine-du-neuf\/#primaryimage\"},\"thumbnailUrl\":\"https:\/\/sixtrum.com\/wp-content\/uploads\/2022\/09\/vignette-insta-1.png\",\"datePublished\":\"2023-03-02T20:11:10+00:00\",\"dateModified\":\"2023-03-02T20:13:13+00:00\",\"description\":\"As part of La Semaine du Neuf, a tribute to Claude Vivier organized by Le Vivier, we will play with pianist Pamela Reimer original or transcribed pieces by Claude Vivier and Giorgy Ligeti.\",\"breadcrumb\":{\"@id\":\"https:\/\/sixtrum.com\/en\/sixtrum-and-the-semaine-du-neuf\/#breadcrumb\"},\"inLanguage\":\"en-US\",\"potentialAction\":[{\"@type\":\"ReadAction\",\"target\":[\"https:\/\/sixtrum.com\/en\/sixtrum-and-the-semaine-du-neuf\/\"]}]},{\"@type\":\"ImageObject\",\"inLanguage\":\"en-US\",\"@id\":\"https:\/\/sixtrum.com\/en\/sixtrum-and-the-semaine-du-neuf\/#primaryimage\",\"url\":\"https:\/\/sixtrum.com\/wp-content\/uploads\/2022\/09\/vignette-insta-1.png\",\"contentUrl\":\"https:\/\/sixtrum.com\/wp-content\/uploads\/2022\/09\/vignette-insta-1.png\",\"width\":1772,\"height\":1772},{\"@type\":\"BreadcrumbList\",\"@id\":\"https:\/\/sixtrum.com\/en\/sixtrum-and-the-semaine-du-neuf\/#breadcrumb\",\"itemListElement\":[{\"@type\":\"ListItem\",\"position\":1,\"name\":\"Accueil\",\"item\":\"https:\/\/sixtrum.com\/en\/\"},{\"@type\":\"ListItem\",\"position\":2,\"name\":\"sixtrum and the Semaine du Neuf : tribute to Claude Vivier\"}]},{\"@type\":\"WebSite\",\"@id\":\"https:\/\/sixtrum.com\/en\/#website\",\"url\":\"https:\/\/sixtrum.com\/en\/\",\"name\":\"Ensemble \u00e0 percussion Sixtrum\",\"description\":\"Une exploration d\u00e9brid\u00e9e de la percussion contemporaine\",\"publisher\":{\"@id\":\"https:\/\/sixtrum.com\/en\/#organization\"},\"potentialAction\":[{\"@type\":\"SearchAction\",\"target\":{\"@type\":\"EntryPoint\",\"urlTemplate\":\"https:\/\/sixtrum.com\/en\/?s={search_term_string}\"},\"query-input\":{\"@type\":\"PropertyValueSpecification\",\"valueRequired\":true,\"valueName\":\"search_term_string\"}}],\"inLanguage\":\"en-US\"},{\"@type\":\"Organization\",\"@id\":\"https:\/\/sixtrum.com\/en\/#organization\",\"name\":\"Sixtrum\",\"url\":\"https:\/\/sixtrum.com\/en\/\",\"logo\":{\"@type\":\"ImageObject\",\"inLanguage\":\"en-US\",\"@id\":\"https:\/\/sixtrum.com\/en\/#\/schema\/logo\/image\/\",\"url\":\"https:\/\/sixtrum.com\/wp-content\/uploads\/2020\/10\/sixtrum-ensemble-percussion-logo-noir.png\",\"contentUrl\":\"https:\/\/sixtrum.com\/wp-content\/uploads\/2020\/10\/sixtrum-ensemble-percussion-logo-noir.png\",\"width\":1000,\"height\":368,\"caption\":\"Sixtrum\"},\"image\":{\"@id\":\"https:\/\/sixtrum.com\/en\/#\/schema\/logo\/image\/\"},\"sameAs\":[\"https:\/\/www.facebook.com\/sixtrum\",\"https:\/\/x.com\/sixtrum\",\"https:\/\/www.instagram.com\/sixtrum_percussion\/\",\"https:\/\/www.youtube.com\/sixtrum\"]},{\"@type\":\"Person\",\"@id\":\"https:\/\/sixtrum.com\/en\/#\/schema\/person\/a61cc2ec1411ca32c3b2f3206715e511\",\"name\":\"Sixtrum\",\"image\":{\"@type\":\"ImageObject\",\"inLanguage\":\"en-US\",\"@id\":\"https:\/\/sixtrum.com\/en\/#\/schema\/person\/image\/\",\"url\":\"https:\/\/secure.gravatar.com\/avatar\/549888c4fb4b3d6f3e7d80c35db3d486f0d7e4e03d1d5b97f07b44ccff6706de?s=96&d=mm&r=g\",\"contentUrl\":\"https:\/\/secure.gravatar.com\/avatar\/549888c4fb4b3d6f3e7d80c35db3d486f0d7e4e03d1d5b97f07b44ccff6706de?s=96&d=mm&r=g\",\"caption\":\"Sixtrum\"},\"description\":\"Ensemble \u00e0 percussion bas\u00e9 \u00e0 Montr\u00e9al.\",\"sameAs\":[\"https:\/\/sixtrum.com\/\",\"https:\/\/www.facebook.com\/sixtrum\",\"https:\/\/www.instagram.com\/sixtrum_percussion\/\",\"https:\/\/x.com\/sixtrum\",\"https:\/\/www.youtube.com\/sixtrum\",\"https:\/\/soundcloud.com\/sixtrum\"],\"url\":\"https:\/\/sixtrum.com\/en\/author\/sixtrum\/\"}]}<\/script>\n<!-- \/ Yoast SEO plugin. -->","yoast_head_json":{"title":"sixtrum and the Semaine du Neuf : tribute to Claude Vivier - Ensemble \u00e0 percussion Sixtrum","description":"As part of La Semaine du Neuf, a tribute to Claude Vivier organized by Le Vivier, we will play with pianist Pamela Reimer original or transcribed pieces by Claude Vivier and Giorgy Ligeti.","robots":{"index":"index","follow":"follow","max-snippet":"max-snippet:-1","max-image-preview":"max-image-preview:large","max-video-preview":"max-video-preview:-1"},"canonical":"https:\/\/sixtrum.com\/en\/sixtrum-and-the-semaine-du-neuf\/","og_locale":"en_US","og_type":"article","og_title":"sixtrum and the Semaine du Neuf : tribute to Claude Vivier - Ensemble \u00e0 percussion Sixtrum","og_description":"As part of La Semaine du Neuf, a tribute to Claude Vivier organized by Le Vivier, we will play with pianist Pamela Reimer original or transcribed pieces by Claude Vivier and Giorgy Ligeti.","og_url":"https:\/\/sixtrum.com\/en\/sixtrum-and-the-semaine-du-neuf\/","og_site_name":"Ensemble \u00e0 percussion Sixtrum","article_publisher":"https:\/\/www.facebook.com\/sixtrum","article_author":"https:\/\/www.facebook.com\/sixtrum","article_published_time":"2023-03-02T20:11:10+00:00","article_modified_time":"2023-03-02T20:13:13+00:00","og_image":[{"width":1024,"height":1024,"url":"https:\/\/sixtrum.com\/wp-content\/uploads\/2022\/09\/vignette-insta-1-1024x1024.png","type":"image\/png"}],"author":"Sixtrum","twitter_card":"summary_large_image","twitter_creator":"@sixtrum","twitter_site":"@sixtrum","twitter_misc":{"Written by":"Sixtrum","Est. reading time":"1 minute"},"schema":{"@context":"https:\/\/schema.org","@graph":[{"@type":"Article","@id":"https:\/\/sixtrum.com\/en\/sixtrum-and-the-semaine-du-neuf\/#article","isPartOf":{"@id":"https:\/\/sixtrum.com\/en\/sixtrum-and-the-semaine-du-neuf\/"},"author":{"name":"Sixtrum","@id":"https:\/\/sixtrum.com\/en\/#\/schema\/person\/a61cc2ec1411ca32c3b2f3206715e511"},"headline":"sixtrum and the Semaine du Neuf : tribute to Claude Vivier","datePublished":"2023-03-02T20:11:10+00:00","dateModified":"2023-03-02T20:13:13+00:00","mainEntityOfPage":{"@id":"https:\/\/sixtrum.com\/en\/sixtrum-and-the-semaine-du-neuf\/"},"wordCount":68,"commentCount":0,"publisher":{"@id":"https:\/\/sixtrum.com\/en\/#organization"},"image":{"@id":"https:\/\/sixtrum.com\/en\/sixtrum-and-the-semaine-du-neuf\/#primaryimage"},"thumbnailUrl":"https:\/\/sixtrum.com\/wp-content\/uploads\/2022\/09\/vignette-insta-1.png","articleSection":["News"],"inLanguage":"en-US","potentialAction":[{"@type":"CommentAction","name":"Comment","target":["https:\/\/sixtrum.com\/en\/sixtrum-and-the-semaine-du-neuf\/#respond"]}]},{"@type":"WebPage","@id":"https:\/\/sixtrum.com\/en\/sixtrum-and-the-semaine-du-neuf\/","url":"https:\/\/sixtrum.com\/en\/sixtrum-and-the-semaine-du-neuf\/","name":"sixtrum and the Semaine du Neuf : tribute to Claude Vivier - Ensemble \u00e0 percussion Sixtrum","isPartOf":{"@id":"https:\/\/sixtrum.com\/en\/#website"},"primaryImageOfPage":{"@id":"https:\/\/sixtrum.com\/en\/sixtrum-and-the-semaine-du-neuf\/#primaryimage"},"image":{"@id":"https:\/\/sixtrum.com\/en\/sixtrum-and-the-semaine-du-neuf\/#primaryimage"},"thumbnailUrl":"https:\/\/sixtrum.com\/wp-content\/uploads\/2022\/09\/vignette-insta-1.png","datePublished":"2023-03-02T20:11:10+00:00","dateModified":"2023-03-02T20:13:13+00:00","description":"As part of La Semaine du Neuf, a tribute to Claude Vivier organized by Le Vivier, we will play with pianist Pamela Reimer original or transcribed pieces by Claude Vivier and Giorgy Ligeti.","breadcrumb":{"@id":"https:\/\/sixtrum.com\/en\/sixtrum-and-the-semaine-du-neuf\/#breadcrumb"},"inLanguage":"en-US","potentialAction":[{"@type":"ReadAction","target":["https:\/\/sixtrum.com\/en\/sixtrum-and-the-semaine-du-neuf\/"]}]},{"@type":"ImageObject","inLanguage":"en-US","@id":"https:\/\/sixtrum.com\/en\/sixtrum-and-the-semaine-du-neuf\/#primaryimage","url":"https:\/\/sixtrum.com\/wp-content\/uploads\/2022\/09\/vignette-insta-1.png","contentUrl":"https:\/\/sixtrum.com\/wp-content\/uploads\/2022\/09\/vignette-insta-1.png","width":1772,"height":1772},{"@type":"BreadcrumbList","@id":"https:\/\/sixtrum.com\/en\/sixtrum-and-the-semaine-du-neuf\/#breadcrumb","itemListElement":[{"@type":"ListItem","position":1,"name":"Accueil","item":"https:\/\/sixtrum.com\/en\/"},{"@type":"ListItem","position":2,"name":"sixtrum and the Semaine du Neuf : tribute to Claude Vivier"}]},{"@type":"WebSite","@id":"https:\/\/sixtrum.com\/en\/#website","url":"https:\/\/sixtrum.com\/en\/","name":"Ensemble \u00e0 percussion Sixtrum","description":"Une exploration d\u00e9brid\u00e9e de la percussion contemporaine","publisher":{"@id":"https:\/\/sixtrum.com\/en\/#organization"},"potentialAction":[{"@type":"SearchAction","target":{"@type":"EntryPoint","urlTemplate":"https:\/\/sixtrum.com\/en\/?s={search_term_string}"},"query-input":{"@type":"PropertyValueSpecification","valueRequired":true,"valueName":"search_term_string"}}],"inLanguage":"en-US"},{"@type":"Organization","@id":"https:\/\/sixtrum.com\/en\/#organization","name":"Sixtrum","url":"https:\/\/sixtrum.com\/en\/","logo":{"@type":"ImageObject","inLanguage":"en-US","@id":"https:\/\/sixtrum.com\/en\/#\/schema\/logo\/image\/","url":"https:\/\/sixtrum.com\/wp-content\/uploads\/2020\/10\/sixtrum-ensemble-percussion-logo-noir.png","contentUrl":"https:\/\/sixtrum.com\/wp-content\/uploads\/2020\/10\/sixtrum-ensemble-percussion-logo-noir.png","width":1000,"height":368,"caption":"Sixtrum"},"image":{"@id":"https:\/\/sixtrum.com\/en\/#\/schema\/logo\/image\/"},"sameAs":["https:\/\/www.facebook.com\/sixtrum","https:\/\/x.com\/sixtrum","https:\/\/www.instagram.com\/sixtrum_percussion\/","https:\/\/www.youtube.com\/sixtrum"]},{"@type":"Person","@id":"https:\/\/sixtrum.com\/en\/#\/schema\/person\/a61cc2ec1411ca32c3b2f3206715e511","name":"Sixtrum","image":{"@type":"ImageObject","inLanguage":"en-US","@id":"https:\/\/sixtrum.com\/en\/#\/schema\/person\/image\/","url":"https:\/\/secure.gravatar.com\/avatar\/549888c4fb4b3d6f3e7d80c35db3d486f0d7e4e03d1d5b97f07b44ccff6706de?s=96&d=mm&r=g","contentUrl":"https:\/\/secure.gravatar.com\/avatar\/549888c4fb4b3d6f3e7d80c35db3d486f0d7e4e03d1d5b97f07b44ccff6706de?s=96&d=mm&r=g","caption":"Sixtrum"},"description":"Ensemble \u00e0 percussion bas\u00e9 \u00e0 Montr\u00e9al.","sameAs":["https:\/\/sixtrum.com\/","https:\/\/www.facebook.com\/sixtrum","https:\/\/www.instagram.com\/sixtrum_percussion\/","https:\/\/x.com\/sixtrum","https:\/\/www.youtube.com\/sixtrum","https:\/\/soundcloud.com\/sixtrum"],"url":"https:\/\/sixtrum.com\/en\/author\/sixtrum\/"}]}},"_links":{"self":[{"href":"https:\/\/sixtrum.com\/en\/wp-json\/wp\/v2\/posts\/1816","targetHints":{"allow":["GET"]}}],"collection":[{"href":"https:\/\/sixtrum.com\/en\/wp-json\/wp\/v2\/posts"}],"about":[{"href":"https:\/\/sixtrum.com\/en\/wp-json\/wp\/v2\/types\/post"}],"author":[{"embeddable":true,"href":"https:\/\/sixtrum.com\/en\/wp-json\/wp\/v2\/users\/4"}],"replies":[{"embeddable":true,"href":"https:\/\/sixtrum.com\/en\/wp-json\/wp\/v2\/comments?post=1816"}],"version-history":[{"count":2,"href":"https:\/\/sixtrum.com\/en\/wp-json\/wp\/v2\/posts\/1816\/revisions"}],"predecessor-version":[{"id":1818,"href":"https:\/\/sixtrum.com\/en\/wp-json\/wp\/v2\/posts\/1816\/revisions\/1818"}],"wp:featuredmedia":[{"embeddable":true,"href":"https:\/\/sixtrum.com\/en\/wp-json\/wp\/v2\/media\/1464"}],"wp:attachment":[{"href":"https:\/\/sixtrum.com\/en\/wp-json\/wp\/v2\/media?parent=1816"}],"wp:term":[{"taxonomy":"category","embeddable":true,"href":"https:\/\/sixtrum.com\/en\/wp-json\/wp\/v2\/categories?post=1816"},{"taxonomy":"post_tag","embeddable":true,"href":"https:\/\/sixtrum.com\/en\/wp-json\/wp\/v2\/tags?post=1816"}],"curies":[{"name":"wp","href":"https:\/\/api.w.org\/{rel}","templated":true}]}}